{"id":4588,"date":"2026-04-14T17:42:56","date_gmt":"2026-04-14T15:42:56","guid":{"rendered":"https:\/\/www.iyu.plus\/?p=4588"},"modified":"2026-04-14T17:42:57","modified_gmt":"2026-04-14T15:42:57","slug":"diaspora-immobilier-en-afrique-pourquoi-un-cercle-vertueux-est-en-train-de-se-renforcer","status":"publish","type":"post","link":"https:\/\/www.iyu.plus\/en\/diaspora-immobilier-en-afrique-pourquoi-un-cercle-vertueux-est-en-train-de-se-renforcer\/","title":{"rendered":"Diaspora &amp; immobilier en Afrique : pourquoi un cercle vertueux est en train de se renforcer"},"content":{"rendered":"<figure class=\"wp-block-image size-large\"><img loading=\"lazy\" decoding=\"async\" width=\"1024\" height=\"722\" src=\"https:\/\/www.iyu.plus\/wp-content\/uploads\/2026\/04\/Design-sans-titre-1024x722.png\" alt=\"\" class=\"wp-image-4589\" srcset=\"https:\/\/www.iyu.plus\/wp-content\/uploads\/2026\/04\/Design-sans-titre-1024x722.png 1024w, https:\/\/www.iyu.plus\/wp-content\/uploads\/2026\/04\/Design-sans-titre-300x212.png 300w, https:\/\/www.iyu.plus\/wp-content\/uploads\/2026\/04\/Design-sans-titre-768x541.png 768w, https:\/\/www.iyu.plus\/wp-content\/uploads\/2026\/04\/Design-sans-titre-1536x1083.png 1536w, https:\/\/www.iyu.plus\/wp-content\/uploads\/2026\/04\/Design-sans-titre-18x12.png 18w, https:\/\/www.iyu.plus\/wp-content\/uploads\/2026\/04\/Design-sans-titre.png 2000w\" sizes=\"auto, (max-width: 1024px) 100vw, 1024px\" \/><\/figure>\n\n\n\n<p>Chaque ann\u00e9e, les diasporas africaines en Europe continuent d\u2019affirmer leur r\u00f4le \u00e9conomique majeur. Leur contribution ne se limite plus aux transferts familiaux : elles investissent, financent, entreprennent\u2026 et de plus en plus, elles b\u00e2tissent.<\/p>\n\n\n\n<p>L\u2019immobilier devient l\u2019un des terrains privil\u00e9gi\u00e9s de cette dynamique. Et si, pendant longtemps, investir depuis l\u2019\u00e9tranger relevait du parcours du combattant, un changement profond est en cours : une structuration des acteurs, une professionnalisation des d\u00e9marches et une volont\u00e9 collective de s\u00e9curiser les projets.<\/p>\n\n\n\n<p>Le r\u00e9cent <em>Salon de l\u2019Immobilier Africain \u00e0 Paris (<\/em><a href=\"https:\/\/siap-effi.com\/\">SIAP 2026<\/a><em>)<\/em> \u2014 con\u00e7u pour offrir \u00e0 la diaspora un cadre clair, fiable et s\u00e9curis\u00e9 pour investir dans l\u2019immobilier en Afrique \u2014 n\u2019est que l\u2019un des reflets de cette transformation.<\/p>\n\n\n\n<h3 class=\"wp-block-heading\"><strong>L\u2019immobilier : un ancrage fort pour la diaspora<\/strong><\/h3>\n\n\n\n<p>Pour beaucoup de membres de la diaspora, investir dans l\u2019immobilier, c\u2019est :<\/p>\n\n\n\n<ul class=\"wp-block-list\">\n<li>construire un patrimoine durable<\/li>\n\n\n\n<li>pr\u00e9parer un retour au pays<\/li>\n\n\n\n<li>s\u00e9curiser leur avenir et celui de leurs proches<\/li>\n\n\n\n<li>participer au d\u00e9veloppement local<\/li>\n<\/ul>\n\n\n\n<p>Cette aspiration est ancienne, mais elle trouve aujourd\u2019hui un terreau plus favorable qu\u2019hier : meilleure information, acteurs plus professionnels, outils digitaux plus fiables, offres structur\u00e9es et v\u00e9rifi\u00e9es.<\/p>\n\n\n\n<p>Un salon comme le SIAP met en avant des op\u00e9rateurs rigoureusement s\u00e9lectionn\u00e9s \u2014 promoteurs, banques, notaires, institutions publiques \u2014 pour cr\u00e9er un environnement de confiance autour de l\u2019investissement immobilier africain.<\/p>\n\n\n\n<p>Ce mouvement contribue \u00e0 redonner de la cr\u00e9dibilit\u00e9, l\u00e0 o\u00f9 la diaspora a souvent \u00e9t\u00e9 \u00e9chaud\u00e9e.<\/p>\n\n\n\n<h3 class=\"wp-block-heading\"><strong>La rencontre essentielle entre expertise locale et attentes diasporiques<\/strong><\/h3>\n\n\n\n<p>L\u2019un des leviers les plus puissants pour renforcer ce cercle vertueux est la <strong>mise en relation directe<\/strong> entre les acteurs africains et les diasporas.<\/p>\n\n\n\n<p>Les conf\u00e9rences, panels et masterclass organis\u00e9s lors de tels \u00e9v\u00e8nements \u2014 anim\u00e9s par des experts du financement, du juridique, du transfert de fonds ou des d\u00e9marches administratives \u2014 permettent de :<\/p>\n\n\n\n<ul class=\"wp-block-list\">\n<li>d\u00e9coder les cadres juridiques souvent complexes<\/li>\n\n\n\n<li>comprendre les mod\u00e8les de financement<\/li>\n\n\n\n<li>anticiper les risques et points de vigilance<\/li>\n\n\n\n<li>clarifier les \u00e9tapes d\u2019un achat, d\u2019une construction ou d\u2019un investissement locatif<\/li>\n<\/ul>\n\n\n\n<p>Cette p\u00e9dagogie est cruciale : elle transforme l\u2019intention d\u2019investir en <strong>capacit\u00e9 r\u00e9elle d\u2019agir<\/strong>.<\/p>\n\n\n\n<h3 class=\"wp-block-heading\"><strong>Les diasporas, moteurs d\u2019un d\u00e9veloppement durable et structur\u00e9<\/strong><\/h3>\n\n\n\n<p>La diaspora africaine est aujourd\u2019hui reconnue comme un <strong>levier strat\u00e9gique de d\u00e9veloppement<\/strong> pour le continent.<\/p>\n\n\n\n<p>Au-del\u00e0 des transferts financiers, elle apporte des comp\u00e9tences, une vision internationale, une exigence en mati\u00e8re de qualit\u00e9 qui tire tout un \u00e9cosyst\u00e8me vers le haut.<\/p>\n\n\n\n<p>C\u2019est pr\u00e9cis\u00e9ment l\u2019ambition port\u00e9e par le SIAP : cr\u00e9er des passerelles durables entre l\u2019Europe et l\u2019Afrique, en mettant face \u00e0 face des porteurs de projets s\u00e9rieux et des op\u00e9rateurs fiables, dans un cadre structur\u00e9.<\/p>\n\n\n\n<p>Ce cercle vertueux profite \u00e0 toutes les parties :<\/p>\n\n\n\n<ul class=\"wp-block-list\">\n<li><strong>la diaspora<\/strong>, qui investit plus sereinement ;<\/li>\n\n\n\n<li><strong>les acteurs africains<\/strong>, qui gagnent en visibilit\u00e9, en m\u00e9thodes et en volume ;<\/li>\n\n\n\n<li><strong>les territoires<\/strong>, qui b\u00e9n\u00e9ficient de projets mieux financ\u00e9s et plus p\u00e9rennes.<\/li>\n<\/ul>\n\n\n\n<h3 class=\"wp-block-heading\"><strong>Le r\u00f4le cl\u00e9 des solutions financi\u00e8res et des transferts internationaux<\/strong><\/h3>\n\n\n\n<p>Si l\u2019immobilier progresse, c\u2019est aussi parce qu\u2019un autre maillon essentiel s\u2019est renforc\u00e9 : la <strong>s\u00e9curisation des flux financiers<\/strong>.<\/p>\n\n\n\n<p>Les acteurs du transfert de fonds, les banques locales, les fintechs transfrontali\u00e8res et les \u00e9tablissements de cr\u00e9dit jouent un r\u00f4le d\u00e9terminant pour offrir des solutions de financement adapt\u00e9es \u00e0 la diaspora et s\u00e9curiser les paiements.<\/p>\n\n\n\n<p>C\u2019est l\u2019un des piliers du cercle vertueux : <strong>confiance + transparence = projection \u00e0 long terme<\/strong>.<\/p>\n\n\n\n<p><strong>L\u2019information, la proximit\u00e9 et la s\u00e9curit\u00e9 cr\u00e9ent alors un cercle vertueux.<\/strong> L\u2019\u00e9quation est simple mais puissante : plus la diaspora est inform\u00e9e, plus elle se sent en confiance, plus elle investit, plus les acteurs professionnels s\u2019adaptent, plus l\u2019\u00e9cosyst\u00e8me se d\u00e9veloppe, plus l\u2019investissement se d\u00e9mocratise.<\/p>\n\n\n\n<p>Les \u00e9v\u00e9nements comme le Salon de l&rsquo;Immobilier Africain \u00e0 Paris (<a href=\"https:\/\/siap-effi.com\/\">SIAP<\/a>) \u2014 avec panels, experts, masterclass et acteurs filtr\u00e9s pour leur cr\u00e9dibilit\u00e9 \u2014 participent \u00e0 enclencher et acc\u00e9l\u00e9rer ce mouvement.<\/p>\n\n\n\n<figure class=\"wp-block-image size-large\"><img loading=\"lazy\" decoding=\"async\" width=\"1024\" height=\"682\" src=\"https:\/\/www.iyu.plus\/wp-content\/uploads\/2026\/04\/658980939_1395861435915679_1198837582665462524_n-1024x682.jpg\" alt=\"\" class=\"wp-image-4591\" srcset=\"https:\/\/www.iyu.plus\/wp-content\/uploads\/2026\/04\/658980939_1395861435915679_1198837582665462524_n-1024x682.jpg 1024w, https:\/\/www.iyu.plus\/wp-content\/uploads\/2026\/04\/658980939_1395861435915679_1198837582665462524_n-300x200.jpg 300w, https:\/\/www.iyu.plus\/wp-content\/uploads\/2026\/04\/658980939_1395861435915679_1198837582665462524_n-768x512.jpg 768w, https:\/\/www.iyu.plus\/wp-content\/uploads\/2026\/04\/658980939_1395861435915679_1198837582665462524_n-1536x1023.jpg 1536w, https:\/\/www.iyu.plus\/wp-content\/uploads\/2026\/04\/658980939_1395861435915679_1198837582665462524_n-18x12.jpg 18w, https:\/\/www.iyu.plus\/wp-content\/uploads\/2026\/04\/658980939_1395861435915679_1198837582665462524_n.jpg 1882w\" sizes=\"auto, (max-width: 1024px) 100vw, 1024px\" \/><\/figure>\n\n\n\n<h3 class=\"wp-block-heading\"><strong>L\u2019avenir appartient aux passerelles solides<\/strong><\/h3>\n\n\n\n<p>L\u2019immobilier africain est en pleine mutation, tir\u00e9 par une diaspora active, exigeante et d\u00e9sireuse de construire.<\/p>\n\n\n\n<p>Ce mouvement ne fait que commencer.<\/p>\n\n\n\n<p>En multipliant les espaces de rencontre, les outils fiables et l\u2019acc\u00e8s \u00e0 une information de qualit\u00e9, un mod\u00e8le durable est en train de s\u2019installer : un <strong>cercle vertueux<\/strong> o\u00f9 chacun progresse \u2014 investisseurs, partenaires financiers, professionnels de l\u2019immobilier et acteurs publics.<\/p>\n\n\n\n<p>Et au c\u0153ur de ce cercle, une conviction simple : <em>plus la diaspora est outill\u00e9e et accompagn\u00e9e, plus elle construit et plus elle participe \u00e0 structurer durablement les cha\u00eenes de valeur immobili\u00e8res et financi\u00e8res.<\/em><\/p>","protected":false},"excerpt":{"rendered":"<p>Chaque ann\u00e9e, les diasporas africaines en Europe continuent d\u2019affirmer leur r\u00f4le \u00e9conomique majeur. Leur contribution ne se limite plus aux transferts familiaux : elles investissent, financent, entreprennent\u2026 et de plus en plus, elles b\u00e2tissent. L\u2019immobilier devient l\u2019un des terrains privil\u00e9gi\u00e9s de cette dynamique. Et si, pendant longtemps, investir depuis l\u2019\u00e9tranger relevait du parcours du combattant, [&hellip;]<\/p>\n","protected":false},"author":2,"featured_media":4589,"comment_status":"closed","ping_status":"closed","sticky":false,"template":"","format":"standard","meta":{"footnotes":""},"categories":[1],"tags":[],"class_list":["post-4588","post","type-post","status-publish","format-standard","has-post-thumbnail","hentry","category-blog"],"yoast_head":"<!-- This site is optimized with the Yoast SEO plugin v27.4 - https:\/\/yoast.com\/product\/yoast-seo-wordpress\/ -->\n<title>Diaspora &amp; immobilier en Afrique : pourquoi un cercle vertueux est en train de se renforcer - IYU<\/title>\n<meta name=\"robots\" content=\"index, follow, max-snippet:-1, max-image-preview:large, max-video-preview:-1\" \/>\n<link rel=\"canonical\" href=\"https:\/\/www.iyu.plus\/en\/diaspora-immobilier-en-afrique-pourquoi-un-cercle-vertueux-est-en-train-de-se-renforcer\/\" \/>\n<meta property=\"og:locale\" content=\"en_GB\" \/>\n<meta property=\"og:type\" content=\"article\" \/>\n<meta property=\"og:title\" content=\"Diaspora &amp; immobilier en Afrique : pourquoi un cercle vertueux est en train de se renforcer - IYU\" \/>\n<meta property=\"og:description\" content=\"Chaque ann\u00e9e, les diasporas africaines en Europe continuent d\u2019affirmer leur r\u00f4le \u00e9conomique majeur. Leur contribution ne se limite plus aux transferts familiaux : elles investissent, financent, entreprennent\u2026 et de plus en plus, elles b\u00e2tissent. L\u2019immobilier devient l\u2019un des terrains privil\u00e9gi\u00e9s de cette dynamique. Et si, pendant longtemps, investir depuis l\u2019\u00e9tranger relevait du parcours du combattant, [&hellip;]\" \/>\n<meta property=\"og:url\" content=\"https:\/\/www.iyu.plus\/en\/diaspora-immobilier-en-afrique-pourquoi-un-cercle-vertueux-est-en-train-de-se-renforcer\/\" \/>\n<meta property=\"og:site_name\" content=\"IYU\" \/>\n<meta property=\"article:published_time\" content=\"2026-04-14T15:42:56+00:00\" \/>\n<meta property=\"article:modified_time\" content=\"2026-04-14T15:42:57+00:00\" \/>\n<meta property=\"og:image\" content=\"https:\/\/www.iyu.plus\/wp-content\/uploads\/2026\/04\/Design-sans-titre-1024x722.png\" \/>\n\t<meta property=\"og:image:width\" content=\"1024\" \/>\n\t<meta property=\"og:image:height\" content=\"722\" \/>\n\t<meta property=\"og:image:type\" content=\"image\/png\" \/>\n<meta name=\"author\" content=\"Melanie\" \/>\n<meta name=\"twitter:card\" content=\"summary_large_image\" \/>\n<meta name=\"twitter:label1\" content=\"Written by\" \/>\n\t<meta name=\"twitter:data1\" content=\"Melanie\" \/>\n\t<meta name=\"twitter:label2\" content=\"Estimated reading time\" \/>\n\t<meta name=\"twitter:data2\" content=\"5 minutes\" \/>\n<script type=\"application\/ld+json\" class=\"yoast-schema-graph\">{\"@context\":\"https:\\\/\\\/schema.org\",\"@graph\":[{\"@type\":\"Article\",\"@id\":\"https:\\\/\\\/www.iyu.plus\\\/diaspora-immobilier-en-afrique-pourquoi-un-cercle-vertueux-est-en-train-de-se-renforcer\\\/#article\",\"isPartOf\":{\"@id\":\"https:\\\/\\\/www.iyu.plus\\\/diaspora-immobilier-en-afrique-pourquoi-un-cercle-vertueux-est-en-train-de-se-renforcer\\\/\"},\"author\":{\"name\":\"Melanie\",\"@id\":\"https:\\\/\\\/www.iyu.plus\\\/#\\\/schema\\\/person\\\/d8a3b67ff83dc1acc0093b75499fcf65\"},\"headline\":\"Diaspora &amp; immobilier en Afrique : pourquoi un cercle vertueux est en train de se renforcer\",\"datePublished\":\"2026-04-14T15:42:56+00:00\",\"dateModified\":\"2026-04-14T15:42:57+00:00\",\"mainEntityOfPage\":{\"@id\":\"https:\\\/\\\/www.iyu.plus\\\/diaspora-immobilier-en-afrique-pourquoi-un-cercle-vertueux-est-en-train-de-se-renforcer\\\/\"},\"wordCount\":810,\"publisher\":{\"@id\":\"https:\\\/\\\/www.iyu.plus\\\/#organization\"},\"image\":{\"@id\":\"https:\\\/\\\/www.iyu.plus\\\/diaspora-immobilier-en-afrique-pourquoi-un-cercle-vertueux-est-en-train-de-se-renforcer\\\/#primaryimage\"},\"thumbnailUrl\":\"https:\\\/\\\/www.iyu.plus\\\/wp-content\\\/uploads\\\/2026\\\/04\\\/Design-sans-titre.png\",\"articleSection\":[\"Blog\"],\"inLanguage\":\"en-GB\"},{\"@type\":\"WebPage\",\"@id\":\"https:\\\/\\\/www.iyu.plus\\\/diaspora-immobilier-en-afrique-pourquoi-un-cercle-vertueux-est-en-train-de-se-renforcer\\\/\",\"url\":\"https:\\\/\\\/www.iyu.plus\\\/diaspora-immobilier-en-afrique-pourquoi-un-cercle-vertueux-est-en-train-de-se-renforcer\\\/\",\"name\":\"Diaspora &amp; immobilier en Afrique : pourquoi un cercle vertueux est en train de se renforcer - IYU\",\"isPartOf\":{\"@id\":\"https:\\\/\\\/www.iyu.plus\\\/#website\"},\"primaryImageOfPage\":{\"@id\":\"https:\\\/\\\/www.iyu.plus\\\/diaspora-immobilier-en-afrique-pourquoi-un-cercle-vertueux-est-en-train-de-se-renforcer\\\/#primaryimage\"},\"image\":{\"@id\":\"https:\\\/\\\/www.iyu.plus\\\/diaspora-immobilier-en-afrique-pourquoi-un-cercle-vertueux-est-en-train-de-se-renforcer\\\/#primaryimage\"},\"thumbnailUrl\":\"https:\\\/\\\/www.iyu.plus\\\/wp-content\\\/uploads\\\/2026\\\/04\\\/Design-sans-titre.png\",\"datePublished\":\"2026-04-14T15:42:56+00:00\",\"dateModified\":\"2026-04-14T15:42:57+00:00\",\"breadcrumb\":{\"@id\":\"https:\\\/\\\/www.iyu.plus\\\/diaspora-immobilier-en-afrique-pourquoi-un-cercle-vertueux-est-en-train-de-se-renforcer\\\/#breadcrumb\"},\"inLanguage\":\"en-GB\",\"potentialAction\":[{\"@type\":\"ReadAction\",\"target\":[\"https:\\\/\\\/www.iyu.plus\\\/diaspora-immobilier-en-afrique-pourquoi-un-cercle-vertueux-est-en-train-de-se-renforcer\\\/\"]}]},{\"@type\":\"ImageObject\",\"inLanguage\":\"en-GB\",\"@id\":\"https:\\\/\\\/www.iyu.plus\\\/diaspora-immobilier-en-afrique-pourquoi-un-cercle-vertueux-est-en-train-de-se-renforcer\\\/#primaryimage\",\"url\":\"https:\\\/\\\/www.iyu.plus\\\/wp-content\\\/uploads\\\/2026\\\/04\\\/Design-sans-titre.png\",\"contentUrl\":\"https:\\\/\\\/www.iyu.plus\\\/wp-content\\\/uploads\\\/2026\\\/04\\\/Design-sans-titre.png\",\"width\":2000,\"height\":1410},{\"@type\":\"BreadcrumbList\",\"@id\":\"https:\\\/\\\/www.iyu.plus\\\/diaspora-immobilier-en-afrique-pourquoi-un-cercle-vertueux-est-en-train-de-se-renforcer\\\/#breadcrumb\",\"itemListElement\":[{\"@type\":\"ListItem\",\"position\":1,\"name\":\"Accueil\",\"item\":\"https:\\\/\\\/www.iyu.plus\\\/\"},{\"@type\":\"ListItem\",\"position\":2,\"name\":\"Diaspora &amp; immobilier en Afrique : pourquoi un cercle vertueux est en train de se renforcer\"}]},{\"@type\":\"WebSite\",\"@id\":\"https:\\\/\\\/www.iyu.plus\\\/#website\",\"url\":\"https:\\\/\\\/www.iyu.plus\\\/\",\"name\":\"IYU\",\"description\":\"Le lien financier avec votre pays d\u2019attache\",\"publisher\":{\"@id\":\"https:\\\/\\\/www.iyu.plus\\\/#organization\"},\"potentialAction\":[{\"@type\":\"SearchAction\",\"target\":{\"@type\":\"EntryPoint\",\"urlTemplate\":\"https:\\\/\\\/www.iyu.plus\\\/?s={search_term_string}\"},\"query-input\":{\"@type\":\"PropertyValueSpecification\",\"valueRequired\":true,\"valueName\":\"search_term_string\"}}],\"inLanguage\":\"en-GB\"},{\"@type\":\"Organization\",\"@id\":\"https:\\\/\\\/www.iyu.plus\\\/#organization\",\"name\":\"IYU\",\"url\":\"https:\\\/\\\/www.iyu.plus\\\/\",\"logo\":{\"@type\":\"ImageObject\",\"inLanguage\":\"en-GB\",\"@id\":\"https:\\\/\\\/www.iyu.plus\\\/#\\\/schema\\\/logo\\\/image\\\/\",\"url\":\"https:\\\/\\\/www.iyu.plus\\\/wp-content\\\/uploads\\\/2023\\\/01\\\/IYU-logo-couleur.svg\",\"contentUrl\":\"https:\\\/\\\/www.iyu.plus\\\/wp-content\\\/uploads\\\/2023\\\/01\\\/IYU-logo-couleur.svg\",\"width\":113,\"height\":59,\"caption\":\"IYU\"},\"image\":{\"@id\":\"https:\\\/\\\/www.iyu.plus\\\/#\\\/schema\\\/logo\\\/image\\\/\"}},{\"@type\":\"Person\",\"@id\":\"https:\\\/\\\/www.iyu.plus\\\/#\\\/schema\\\/person\\\/d8a3b67ff83dc1acc0093b75499fcf65\",\"name\":\"Melanie\",\"image\":{\"@type\":\"ImageObject\",\"inLanguage\":\"en-GB\",\"@id\":\"https:\\\/\\\/secure.gravatar.com\\\/avatar\\\/71d078c86fba7547ea77928bc49edc24244150a73cf869a3d816b22ab198e8d7?s=96&d=mm&r=g\",\"url\":\"https:\\\/\\\/secure.gravatar.com\\\/avatar\\\/71d078c86fba7547ea77928bc49edc24244150a73cf869a3d816b22ab198e8d7?s=96&d=mm&r=g\",\"contentUrl\":\"https:\\\/\\\/secure.gravatar.com\\\/avatar\\\/71d078c86fba7547ea77928bc49edc24244150a73cf869a3d816b22ab198e8d7?s=96&d=mm&r=g\",\"caption\":\"Melanie\"},\"url\":\"https:\\\/\\\/www.iyu.plus\\\/en\\\/author\\\/melanie\\\/\"}]}<\/script>\n<!-- \/ Yoast SEO plugin. -->","yoast_head_json":{"title":"Diaspora &amp; immobilier en Afrique : pourquoi un cercle vertueux est en train de se renforcer - IYU","robots":{"index":"index","follow":"follow","max-snippet":"max-snippet:-1","max-image-preview":"max-image-preview:large","max-video-preview":"max-video-preview:-1"},"canonical":"https:\/\/www.iyu.plus\/en\/diaspora-immobilier-en-afrique-pourquoi-un-cercle-vertueux-est-en-train-de-se-renforcer\/","og_locale":"en_GB","og_type":"article","og_title":"Diaspora &amp; immobilier en Afrique : pourquoi un cercle vertueux est en train de se renforcer - IYU","og_description":"Chaque ann\u00e9e, les diasporas africaines en Europe continuent d\u2019affirmer leur r\u00f4le \u00e9conomique majeur. Leur contribution ne se limite plus aux transferts familiaux : elles investissent, financent, entreprennent\u2026 et de plus en plus, elles b\u00e2tissent. L\u2019immobilier devient l\u2019un des terrains privil\u00e9gi\u00e9s de cette dynamique. Et si, pendant longtemps, investir depuis l\u2019\u00e9tranger relevait du parcours du combattant, [&hellip;]","og_url":"https:\/\/www.iyu.plus\/en\/diaspora-immobilier-en-afrique-pourquoi-un-cercle-vertueux-est-en-train-de-se-renforcer\/","og_site_name":"IYU","article_published_time":"2026-04-14T15:42:56+00:00","article_modified_time":"2026-04-14T15:42:57+00:00","og_image":[{"width":1024,"height":722,"url":"https:\/\/www.iyu.plus\/wp-content\/uploads\/2026\/04\/Design-sans-titre-1024x722.png","type":"image\/png"}],"author":"Melanie","twitter_card":"summary_large_image","twitter_misc":{"Written by":"Melanie","Estimated reading time":"5 minutes"},"schema":{"@context":"https:\/\/schema.org","@graph":[{"@type":"Article","@id":"https:\/\/www.iyu.plus\/diaspora-immobilier-en-afrique-pourquoi-un-cercle-vertueux-est-en-train-de-se-renforcer\/#article","isPartOf":{"@id":"https:\/\/www.iyu.plus\/diaspora-immobilier-en-afrique-pourquoi-un-cercle-vertueux-est-en-train-de-se-renforcer\/"},"author":{"name":"Melanie","@id":"https:\/\/www.iyu.plus\/#\/schema\/person\/d8a3b67ff83dc1acc0093b75499fcf65"},"headline":"Diaspora &amp; immobilier en Afrique : pourquoi un cercle vertueux est en train de se renforcer","datePublished":"2026-04-14T15:42:56+00:00","dateModified":"2026-04-14T15:42:57+00:00","mainEntityOfPage":{"@id":"https:\/\/www.iyu.plus\/diaspora-immobilier-en-afrique-pourquoi-un-cercle-vertueux-est-en-train-de-se-renforcer\/"},"wordCount":810,"publisher":{"@id":"https:\/\/www.iyu.plus\/#organization"},"image":{"@id":"https:\/\/www.iyu.plus\/diaspora-immobilier-en-afrique-pourquoi-un-cercle-vertueux-est-en-train-de-se-renforcer\/#primaryimage"},"thumbnailUrl":"https:\/\/www.iyu.plus\/wp-content\/uploads\/2026\/04\/Design-sans-titre.png","articleSection":["Blog"],"inLanguage":"en-GB"},{"@type":"WebPage","@id":"https:\/\/www.iyu.plus\/diaspora-immobilier-en-afrique-pourquoi-un-cercle-vertueux-est-en-train-de-se-renforcer\/","url":"https:\/\/www.iyu.plus\/diaspora-immobilier-en-afrique-pourquoi-un-cercle-vertueux-est-en-train-de-se-renforcer\/","name":"Diaspora &amp; immobilier en Afrique : pourquoi un cercle vertueux est en train de se renforcer - IYU","isPartOf":{"@id":"https:\/\/www.iyu.plus\/#website"},"primaryImageOfPage":{"@id":"https:\/\/www.iyu.plus\/diaspora-immobilier-en-afrique-pourquoi-un-cercle-vertueux-est-en-train-de-se-renforcer\/#primaryimage"},"image":{"@id":"https:\/\/www.iyu.plus\/diaspora-immobilier-en-afrique-pourquoi-un-cercle-vertueux-est-en-train-de-se-renforcer\/#primaryimage"},"thumbnailUrl":"https:\/\/www.iyu.plus\/wp-content\/uploads\/2026\/04\/Design-sans-titre.png","datePublished":"2026-04-14T15:42:56+00:00","dateModified":"2026-04-14T15:42:57+00:00","breadcrumb":{"@id":"https:\/\/www.iyu.plus\/diaspora-immobilier-en-afrique-pourquoi-un-cercle-vertueux-est-en-train-de-se-renforcer\/#breadcrumb"},"inLanguage":"en-GB","potentialAction":[{"@type":"ReadAction","target":["https:\/\/www.iyu.plus\/diaspora-immobilier-en-afrique-pourquoi-un-cercle-vertueux-est-en-train-de-se-renforcer\/"]}]},{"@type":"ImageObject","inLanguage":"en-GB","@id":"https:\/\/www.iyu.plus\/diaspora-immobilier-en-afrique-pourquoi-un-cercle-vertueux-est-en-train-de-se-renforcer\/#primaryimage","url":"https:\/\/www.iyu.plus\/wp-content\/uploads\/2026\/04\/Design-sans-titre.png","contentUrl":"https:\/\/www.iyu.plus\/wp-content\/uploads\/2026\/04\/Design-sans-titre.png","width":2000,"height":1410},{"@type":"BreadcrumbList","@id":"https:\/\/www.iyu.plus\/diaspora-immobilier-en-afrique-pourquoi-un-cercle-vertueux-est-en-train-de-se-renforcer\/#breadcrumb","itemListElement":[{"@type":"ListItem","position":1,"name":"Accueil","item":"https:\/\/www.iyu.plus\/"},{"@type":"ListItem","position":2,"name":"Diaspora &amp; immobilier en Afrique : pourquoi un cercle vertueux est en train de se renforcer"}]},{"@type":"WebSite","@id":"https:\/\/www.iyu.plus\/#website","url":"https:\/\/www.iyu.plus\/","name":"IYU","description":"The financial link with your home country","publisher":{"@id":"https:\/\/www.iyu.plus\/#organization"},"potentialAction":[{"@type":"SearchAction","target":{"@type":"EntryPoint","urlTemplate":"https:\/\/www.iyu.plus\/?s={search_term_string}"},"query-input":{"@type":"PropertyValueSpecification","valueRequired":true,"valueName":"search_term_string"}}],"inLanguage":"en-GB"},{"@type":"Organization","@id":"https:\/\/www.iyu.plus\/#organization","name":"IYU","url":"https:\/\/www.iyu.plus\/","logo":{"@type":"ImageObject","inLanguage":"en-GB","@id":"https:\/\/www.iyu.plus\/#\/schema\/logo\/image\/","url":"https:\/\/www.iyu.plus\/wp-content\/uploads\/2023\/01\/IYU-logo-couleur.svg","contentUrl":"https:\/\/www.iyu.plus\/wp-content\/uploads\/2023\/01\/IYU-logo-couleur.svg","width":113,"height":59,"caption":"IYU"},"image":{"@id":"https:\/\/www.iyu.plus\/#\/schema\/logo\/image\/"}},{"@type":"Person","@id":"https:\/\/www.iyu.plus\/#\/schema\/person\/d8a3b67ff83dc1acc0093b75499fcf65","name":"Melanie","image":{"@type":"ImageObject","inLanguage":"en-GB","@id":"https:\/\/secure.gravatar.com\/avatar\/71d078c86fba7547ea77928bc49edc24244150a73cf869a3d816b22ab198e8d7?s=96&d=mm&r=g","url":"https:\/\/secure.gravatar.com\/avatar\/71d078c86fba7547ea77928bc49edc24244150a73cf869a3d816b22ab198e8d7?s=96&d=mm&r=g","contentUrl":"https:\/\/secure.gravatar.com\/avatar\/71d078c86fba7547ea77928bc49edc24244150a73cf869a3d816b22ab198e8d7?s=96&d=mm&r=g","caption":"Melanie"},"url":"https:\/\/www.iyu.plus\/en\/author\/melanie\/"}]}},"_links":{"self":[{"href":"https:\/\/www.iyu.plus\/en\/wp-json\/wp\/v2\/posts\/4588","targetHints":{"allow":["GET"]}}],"collection":[{"href":"https:\/\/www.iyu.plus\/en\/wp-json\/wp\/v2\/posts"}],"about":[{"href":"https:\/\/www.iyu.plus\/en\/wp-json\/wp\/v2\/types\/post"}],"author":[{"embeddable":true,"href":"https:\/\/www.iyu.plus\/en\/wp-json\/wp\/v2\/users\/2"}],"replies":[{"embeddable":true,"href":"https:\/\/www.iyu.plus\/en\/wp-json\/wp\/v2\/comments?post=4588"}],"version-history":[{"count":3,"href":"https:\/\/www.iyu.plus\/en\/wp-json\/wp\/v2\/posts\/4588\/revisions"}],"predecessor-version":[{"id":4593,"href":"https:\/\/www.iyu.plus\/en\/wp-json\/wp\/v2\/posts\/4588\/revisions\/4593"}],"wp:featuredmedia":[{"embeddable":true,"href":"https:\/\/www.iyu.plus\/en\/wp-json\/wp\/v2\/media\/4589"}],"wp:attachment":[{"href":"https:\/\/www.iyu.plus\/en\/wp-json\/wp\/v2\/media?parent=4588"}],"wp:term":[{"taxonomy":"category","embeddable":true,"href":"https:\/\/www.iyu.plus\/en\/wp-json\/wp\/v2\/categories?post=4588"},{"taxonomy":"post_tag","embeddable":true,"href":"https:\/\/www.iyu.plus\/en\/wp-json\/wp\/v2\/tags?post=4588"}],"curies":[{"name":"wp","href":"https:\/\/api.w.org\/{rel}","templated":true}]}}